{"id":8679,"date":"2022-08-04T09:39:20","date_gmt":"2022-08-04T08:39:20","guid":{"rendered":"https:\/\/arexo.be\/?p=8679"},"modified":"2022-10-09T10:28:26","modified_gmt":"2022-10-09T09:28:26","slug":"kubernetes-en-vaut-il-le-coup","status":"publish","type":"post","link":"https:\/\/arexo.be\/fr\/kubernetes-en-vaut-il-le-coup\/","title":{"rendered":"Kubernetes en vaut-il le coup ?"},"content":{"rendered":"\t\t<div data-elementor-type=\"wp-post\" data-elementor-id=\"8679\" class=\"elementor elementor-8679 elementor-8645\">\n\t\t\t\t\t\t<section class=\"elementor-section elementor-top-section elementor-element elementor-element-23d1d75 elementor-section-boxed elementor-section-height-default elementor-section-height-default\" data-id=\"23d1d75\" data-element_type=\"section\" data-e-type=\"section\">\n\t\t\t\t\t\t<div class=\"elementor-container elementor-column-gap-default\">\n\t\t\t\t\t<div class=\"elementor-column elementor-col-100 elementor-top-column elementor-element elementor-element-9d879f8\" data-id=\"9d879f8\" data-element_type=\"column\" data-e-type=\"column\">\n\t\t\t<div class=\"elementor-widget-wrap\">\n\t\t\t\t\t\t\t<\/div>\n\t\t<\/div>\n\t\t\t\t\t<\/div>\n\t\t<\/section>\n\t\t\t\t<section class=\"elementor-section elementor-top-section elementor-element elementor-element-23d3379 elementor-section-boxed elementor-section-height-default elementor-section-height-default\" data-id=\"23d3379\" data-element_type=\"section\" data-e-type=\"section\">\n\t\t\t\t\t\t<div class=\"elementor-container elementor-column-gap-default\">\n\t\t\t\t\t<div class=\"elementor-column elementor-col-16 elementor-top-column elementor-element elementor-element-23d3b6c elementor-hidden-tablet elementor-hidden-phone\" data-id=\"23d3b6c\" data-element_type=\"column\" data-e-type=\"column\">\n\t\t\t<div class=\"elementor-widget-wrap\">\n\t\t\t\t\t\t\t<\/div>\n\t\t<\/div>\n\t\t\t\t<div class=\"elementor-column elementor-col-100 elementor-top-column elementor-element elementor-element-23d4248\" data-id=\"23d4248\" data-element_type=\"column\" data-e-type=\"column\" data-settings=\"{&quot;background_background&quot;:&quot;classic&quot;}\">\n\t\t\t<div class=\"elementor-widget-wrap elementor-element-populated\">\n\t\t\t\t\t\t<div class=\"elementor-element elementor-element-23d48fd elementor-widget elementor-widget-text-editor\" data-id=\"23d48fd\" data-element_type=\"widget\" data-e-type=\"widget\" data-widget_type=\"text-editor.default\">\n\t\t\t\t<div class=\"elementor-widget-container\">\n\t\t\t\t\t\t\t\t\t<p dir=\"auto\" data-sourcepos=\"11:1-11:203\">En d\u00e9voilant &#8220;<a href=\"https:\/\/blogs.vmware.com\/vsphere\/2019\/08\/introducing-project-pacific.html\" target=\"_blank\" rel=\"nofollow noreferrer noopener\">Project Pacific<\/a>&#8220;, VMWare a reconnu que Kubernetes sera une base de vSphere, son offre de virtualisation.<\/p>\n<p dir=\"auto\" data-sourcepos=\"13:1-13:191\">Cet \u00e9v\u00e9nement marque le d\u00e9but d&#8217;une nouvelle \u00e8re : Kubernetes est d\u00e9sormais une norme de facto dans les plateformes informatiques pour ex\u00e9cuter des charges de travail de conteneurs en production, et est consid\u00e9r\u00e9 comme \u00e9gal aux machines virtuelles.<\/p>\n\t\t\t\t\t\t\t\t<\/div>\n\t\t\t\t<\/div>\n\t\t\t\t<div class=\"elementor-element elementor-element-9596903 elementor-widget elementor-widget-text-editor\" data-id=\"9596903\" data-element_type=\"widget\" data-e-type=\"widget\" data-widget_type=\"text-editor.default\">\n\t\t\t\t<div class=\"elementor-widget-container\">\n\t\t\t\t\t\t\t\t\t<h2>Pourquoi devrais-je m&#8217;en soucier (en tant qu&#8217;ing\u00e9nieur en informatique, chef de projet, chef de service ou vendeur) ?<\/h2>\n<h4>Conteneurs, Conteneurs, Conteneurs&#8230;<\/h4>\n<p dir=\"auto\" data-sourcepos=\"19:1-19:144\">Jetons un coup d&#8217;\u0153il \u00e0 l&#8217;ann\u00e9e 2013 : Docker a \u00e9t\u00e9 <a href=\"https:\/\/www.youtube.com\/watch?v=wW9CAH9nSLs\" target=\"_blank\" rel=\"nofollow noreferrer noopener\">pr\u00e9sent\u00e9 \u00e0 la PyCon<\/a> par dotCloud, un fournisseur de Paas.<\/p>\n<p dir=\"auto\" data-sourcepos=\"21:1-21:174\">Six ans plus tard, cet outil technique avait \u00e9t\u00e9 largement adopt\u00e9 par les d\u00e9veloppeurs, bouleversant notre secteur en innovant dans la mani\u00e8re dont les d\u00e9veloppeurs conditionnent, partagent et livrent les applications.<\/p>\n<p dir=\"auto\" data-sourcepos=\"23:1-23:288\">L&#8217;id\u00e9e centrale de Docker est d&#8217;ex\u00e9cuter des applications avec une isolation l\u00e9g\u00e8re, packag\u00e9es avec leurs d\u00e9pendances pour \u00eatre auto-servies. Plus de conflits entre les versions de PHP ou de JDK entre les anciennes et les toutes nouvelles applications : chaque &#8220;conteneur&#8221; contient les siennes et ne se marche pas sur les pieds.<\/p>\n<p dir=\"auto\" data-sourcepos=\"27:1-27:120\">Tant de bruits pour un outil de d\u00e9veloppement ? L&#8217;industrie informatique a d\u00e9j\u00e0 connu ce genre de vagues technologiques : Quel est l&#8217;int\u00e9r\u00eat ?<\/p>\n<p dir=\"auto\" data-sourcepos=\"29:1-29:247\">Docker est un outil qui automatise certaines pr\u00e9occupations : sur quel port les applications \u00e9coutent-elles ? Quels sont les r\u00e9pertoires requis ? Quel est le mod\u00e8le de s\u00e9curit\u00e9 sous-jacent ? Ces \u00e9l\u00e9ments pourraient \u00eatre document\u00e9s, mais vous risquez un d\u00e9calage entre les attentes et la r\u00e9alit\u00e9.<\/p>\n<p dir=\"auto\" data-sourcepos=\"31:1-31:284\">En rendant ces m\u00e9tadonn\u00e9es (presque) obligatoires, il n&#8217;a jamais \u00e9t\u00e9 aussi facile de partager les pr\u00e9occupations par \u00e9quipe, et de permettre un apprentissage opportuniste &#8220;uniquement quand vous en avez besoin&#8221; : vous pouvez commencer par un serveur viable minimaliste, puis it\u00e9rer sur les r\u00e9pertoires, puis sur le r\u00e9seau, ou tout ce qui est n\u00e9cessaire.<\/p>\n<p dir=\"auto\" data-sourcepos=\"33:1-33:241\">Ce comportement est parfaitement align\u00e9 avec les principes Agile : se concentrer sur la valeur qui compte. Docker a fait (ou essay\u00e9 de faire) la pr\u00e9misse de la culture &#8220;DevOps&#8221;, qui consiste \u00e0 appliquer les principes Agile du d\u00e9veloppement aux op\u00e9rations.<\/p>\n<p dir=\"auto\" data-sourcepos=\"166:1-166:76\">\u00a0<\/p>\n\t\t\t\t\t\t\t\t<\/div>\n\t\t\t\t<\/div>\n\t\t\t\t<div class=\"elementor-element elementor-element-00fe65f elementor-widget elementor-widget-image\" data-id=\"00fe65f\" data-element_type=\"widget\" data-e-type=\"widget\" data-widget_type=\"image.default\">\n\t\t\t\t<div class=\"elementor-widget-container\">\n\t\t\t\t\t\t\t\t\t\t\t\t\t\t\t<img fetchpriority=\"high\" decoding=\"async\" width=\"717\" height=\"963\" src=\"https:\/\/arexo.be\/wp-content\/uploads\/2022\/07\/damien-e1665304339905.jpg\" class=\"attachment-large size-large wp-image-8647\" alt=\"\" \/>\t\t\t\t\t\t\t\t\t\t\t\t\t\t\t<\/div>\n\t\t\t\t<\/div>\n\t\t\t\t<div class=\"elementor-element elementor-element-6282576 elementor-widget elementor-widget-text-editor\" data-id=\"6282576\" data-element_type=\"widget\" data-e-type=\"widget\" data-widget_type=\"text-editor.default\">\n\t\t\t\t<div class=\"elementor-widget-container\">\n\t\t\t\t\t\t\t\t\t<p><em>&#8220;Laissez-vous convaincre : valider des hypoth\u00e8ses commerciales sans mettre en danger la production, cela en vaut vraiment la peine. Et ce n&#8217;est qu&#8217;un des nombreux avantages&#8230;&#8221; <\/em><strong>Damien Duportal <\/strong><\/p>\n<h4>&#8230; Mais qu&#8217;en est-il de Ops\/Sysadmin ?<\/h4>\n<p dir=\"auto\" data-sourcepos=\"59:1-59:183\">L&#8217;it\u00e9ration sur de minuscules morceaux de logiciel n&#8217;est pas souvent r\u00e9alisable lorsque votre pr\u00e9occupation quotidienne est la stabilit\u00e9 et la s\u00e9curit\u00e9 : Les principes Agile peuvent \u00eatre compris, mais sont plus difficiles \u00e0 appliquer dans ce domaine.<\/p>\n<p dir=\"auto\" data-sourcepos=\"61:1-61:343\">En <a href=\"https:\/\/devops.com\/devops-shift-left-avoid-failure\/\" target=\"_blank\" rel=\"nofollow noreferrer noopener\">d\u00e9laissant<\/a> certaines t\u00e2ches qui \u00e9taient habituellement trait\u00e9es par le monde des &#8220;ops&#8221;, Docker pose de nombreuses questions sur les d\u00e9fis d&#8217;une production bien rod\u00e9e : qu&#8217;en est-il de la s\u00e9curit\u00e9, des d\u00e9ploiements, de l&#8217;utilisation des ressources, etc. Bien s\u00fbr, ces d\u00e9fis ont \u00e9t\u00e9 partiellement (ou pas du tout) relev\u00e9s.<\/p>\n<p dir=\"auto\" data-sourcepos=\"63:1-63:201\">Kubernetes est issu de ce monde, en tant que mod\u00e8le op\u00e9rationnel bas\u00e9 sur ce que nous avons appris au cours d&#8217;une d\u00e9cennie de gestion de la configuration. Il tente de rendre les conteneurs (Docker mais pas seulement) capables de fonctionner en production.<\/p>\n<h4 dir=\"auto\" data-sourcepos=\"37:1-38:57\">Favoriser la prise de conscience intersilos<\/h4>\n<p dir=\"auto\" data-sourcepos=\"67:1-67:169\">Kubernetes (avec Docker) est un moyen de partager la connaissance des pr\u00e9occupations de l&#8217;\u00e9quipe, c&#8217;est-\u00e0-dire de partager des informations. &#8220;Traduire la d\u00e9finition de l&#8217;optima local pour collaborer \u00e0 en faire un optima global&#8221;.<\/p>\n<p dir=\"auto\" data-sourcepos=\"69:1-69:305\">Si vous \u00eates pr\u00eat \u00e0 aligner toutes les \u00e9quipes sur les activit\u00e9s de votre organisation, la d\u00e9finition d&#8217;<a href=\"https:\/\/en.wikipedia.org\/wiki\/OKR\" target=\"_blank\" rel=\"nofollow noreferrer noopener\">OKRs<\/a> devrait \u00eatre une priorit\u00e9. Et si les d\u00e9partements informatiques disposaient d&#8217;un outil permettant d&#8217;automatiser l&#8217;OKR en tant qu&#8217;atout technique ? Arr\u00eatez de chercher cette licorne : Kubernetes pourrait \u00eatre un moyen d&#8217;y parvenir !<\/p>\n<p dir=\"auto\" data-sourcepos=\"71:1-71:114\">Les communaut\u00e9s open source parlent souvent de Docker comme d&#8217;un outil d'&#8221;empathie en tant que code&#8221; : c&#8217;est exactement le but recherch\u00e9 !<\/p>\n<h4 dir=\"auto\" data-sourcepos=\"44:1-45:91\">Des outils techniques pour les entreprises (et non l&#8217;inverse)<\/h4>\n<p dir=\"auto\" data-sourcepos=\"75:1-75:136\">L&#8217;outillage technique est amusant pour les ing\u00e9nieurs logiciels (dev et ops), mais il doit servir un objectif pour l&#8217;organisation, sinon il ne s&#8217;agit que d&#8217;un hobby.<\/p>\n<p dir=\"auto\" data-sourcepos=\"77:1-77:72\">En tant qu&#8217;homme d&#8217;affaires, qu&#8217;est-ce que Kubernetes (et les conteneurs) mettent sur la table ?<\/p>\n<p dir=\"auto\" data-sourcepos=\"79:1-79:182\">Consid\u00e9rons l&#8217;adage &#8220;De l&#8217;id\u00e9e \u00e0 la production&#8221;. Cette phrase illustre le flux de valeur de nos entreprises : une fonctionnalit\u00e9 n&#8217;apporte de la valeur <strong>seulement<\/strong> lorsqu&#8217;elle est utilis\u00e9e en production.<\/p>\n<p dir=\"auto\" data-sourcepos=\"81:1-81:368\">Le temps n\u00e9cessaire \u00e0 l&#8217;\u00e9laboration d&#8217;une hypoth\u00e8se commerciale et \u00e0 sa validation ralentit la cr\u00e9ation de valeur. Mais n&#8217;essayez pas d&#8217;aller vite pour autant : les fonctionnalit\u00e9s doivent fonctionner <strong>correctement<\/strong> en production, ce qui exige de la stabilit\u00e9 ! Bien s\u00fbr, il s&#8217;agit d&#8217;une mesure commerciale qui vaut la peine d&#8217;\u00eatre mesur\u00e9e pour s&#8217;assurer que vous suivez toute variation (augmentation ou diminution) afin de prendre des d\u00e9cisions.<\/p>\n<p dir=\"auto\" data-sourcepos=\"83:1-83:346\">Si vous ajoutez Kubernetes dans l&#8217;\u00e9quation, vous b\u00e9n\u00e9ficierez d&#8217;un syst\u00e8me o\u00f9 la m\u00e9trique est un citoyen de premi\u00e8re classe. En tant qu&#8217;outil d&#8217;ing\u00e9nierie de pointe, les m\u00e9triques sont essentielles \u00e0 toute d\u00e9cision : comment utiliser efficacement les ressources informatiques ? Comment faire \u00e9voluer et \u00e9quilibrer la charge des applications ? Comment assurer la s\u00e9curit\u00e9 et le suivi de toute action automatis\u00e9e ? Vous avez besoin des m\u00e9triques !<\/p>\n<p dir=\"auto\" data-sourcepos=\"85:1-85:343\">Kubernetes permet \u00e9galement de nouveaux mod\u00e8les de d\u00e9ploiement qui \u00e9taient auparavant co\u00fbteux \u00e0 mettre en \u0153uvre. Par exemple, consid\u00e9rons les &#8220;<a href=\"https:\/\/thenewstack.io\/the-rise-of-progressive-delivery-for-systems-resilience\/\" target=\"_blank\" rel=\"nofollow noreferrer noopener\">d\u00e9ploiements progressifs<\/a>&#8220;, o\u00f9 l&#8217;id\u00e9e est de fournir des changements progressivement \u00e0 des sous-ensembles de nouveaux utilisateurs, ou sans les activer imm\u00e9diatement.<\/p>\n<p dir=\"auto\" data-sourcepos=\"87:1-87:222\">Avec Kubernetes, vous pouvez activer le &#8220;routage Canary&#8221; soutenu par le syst\u00e8me de m\u00e9triques centralis\u00e9 : vous pouvez d\u00e9ployer une fonctionnalit\u00e9 uniquement pour 2% des utilisateurs, et laisser le syst\u00e8me se replier si plus de 10% de ces utilisateurs sont en erreur.<\/p>\n<p dir=\"auto\" data-sourcepos=\"89:1-89:125\">Laissez-vous convaincre : valider des hypoth\u00e8ses commerciales sans mettre en danger la production, cela en vaudrait vraiment la peine.<\/p>\n<p dir=\"auto\" data-sourcepos=\"91:1-91:47\">Et ce n&#8217;est qu&#8217;un des nombreux avantages&#8230;<\/p>\n<h2 dir=\"auto\" data-sourcepos=\"57:1-57:214\">Qu&#8217;est-ce que Kubernetes ?<\/h2>\n<ul dir=\"auto\" data-sourcepos=\"65:1-69:0\">\n<li data-sourcepos=\"68:1-69:0\">\n<p dir=\"auto\" data-sourcepos=\"95:1-95:130\">Kubernetes est un mot grec qui signifie &#8220;gouverneur&#8221; ou &#8220;timonier&#8221;. Ce projet est un orchestrateur open-source pour les charges de travail en conteneurs.<\/p>\n<p dir=\"auto\" data-sourcepos=\"97:1-97:111\">Bas\u00e9 sur les principes de Borg, l&#8217;ordonnanceur de conteneurs de Google, il a \u00e9t\u00e9 d\u00e9voil\u00e9 en 2014 par 3 ing\u00e9nieurs de Google.<\/p>\n<p dir=\"auto\" data-sourcepos=\"99:1-99:142\">Depuis sa version v1.0 en 2015, ce projet est d\u00e9sormais d\u00e9tenu par la Cloud Native Computing Foundation, d\u00e9pendant de la Fondation Linux elle-m\u00eame.<\/p>\n<p dir=\"auto\" data-sourcepos=\"101:1-101:174\">\u00c9crit en Golang, Kubernetes fournit un ensemble de primitives faiblement coupl\u00e9es pour g\u00e9rer les charges de travail des conteneurs. Vous pouvez le voir comme une grappe distribu\u00e9e de blocs de construction de base.<\/p>\n<p dir=\"auto\" data-sourcepos=\"103:1-103:94\">Pour faire simple, il s&#8217;agit d&#8217;une grappe de machines permettant d&#8217;ex\u00e9cuter des conteneurs de mani\u00e8re distribu\u00e9e.<\/p>\n<p dir=\"auto\" data-sourcepos=\"105:1-105:244\">Construit autour d&#8217;une API centralis\u00e9e, Kubernetes est un mod\u00e8le op\u00e9rationnel bas\u00e9 sur le concept de machine \u00e0 \u00e9tats : vous d\u00e9crivez l&#8217;\u00e9tat dans lequel vous voulez que le syst\u00e8me se trouve, et il est charg\u00e9 de converger vers cet \u00e9tat \u00e0 partir de l&#8217;\u00e9tat actuel par it\u00e9rations.<\/p>\n<p dir=\"auto\" data-sourcepos=\"107:1-107:199\">La diff\u00e9rence avec Docker? Kubernetes ajoute une couche d&#8217;orchestration avec des \u00e9l\u00e9ments faiblement coupl\u00e9s. Par exemple, le d\u00e9ploiement d&#8217;une application n\u00e9cessite de d\u00e9finir diff\u00e9rents objets \u00e0 des fins diff\u00e9rentes :<\/p>\n<ul dir=\"auto\" data-sourcepos=\"109:1-115:0\">\n<li data-sourcepos=\"109:1-110:123\">D\u00e9finir un &#8220;D\u00e9ploiement&#8221; pour d\u00e9crire l&#8217;\u00e9tat de vos instances d&#8217;application.\n<ul data-sourcepos=\"110:5-110:123\">\n<li data-sourcepos=\"110:5-110:123\">Exemple : &#8220;Je veux que mon application web ait toujours 2 r\u00e9pliques saines en fonctionnement pour g\u00e9rer la charge de travail de la production.&#8221;<\/li>\n<\/ul>\n<\/li>\n<li data-sourcepos=\"111:1-112:163\">D\u00e9finir un &#8220;service&#8221; pour exposer l&#8217;application et assurer l&#8217;\u00e9quilibrage des charges :\n<ul data-sourcepos=\"112:5-112:163\">\n<li data-sourcepos=\"112:5-112:163\">Exemple : &#8220;Je veux que cette application soit toujours joignable via cette IP priv\u00e9e hautement disponible, sur le port 80. Elle s&#8217;\u00e9quilibre en charge sur toutes les r\u00e9pliques&#8221;.<\/li>\n<\/ul>\n<\/li>\n<li data-sourcepos=\"113:1-115:0\">D\u00e9finir un &#8220;Ingress&#8221; pour publier l&#8217;application en externe :\n<ul data-sourcepos=\"114:5-115:0\">\n<li data-sourcepos=\"114:5-115:0\">Exemple : &#8220;Je veux que toutes les requ\u00eates HTTP entrantes dont le nom d&#8217;h\u00f4te est &#8216;www.company.org&#8217; soient transmises au service sur le port 80&#8221;.<\/li>\n<\/ul>\n<\/li>\n<\/ul>\n<p dir=\"auto\" data-sourcepos=\"116:1-116:209\">Kubernetes offre une extensibilit\u00e9 \u00e0 ce mod\u00e8le d&#8217;objet, de sorte que vous pouvez d\u00e9finir votre propre objet \u00e0 couplage l\u00e2che pour votre logiciel : par exemple, <a href=\"https:\/\/jenkins-x.io\/\" target=\"_blank\" rel=\"nofollow noreferrer noopener\">JenkinsX<\/a> fournit des &#8220;Builds&#8221; et des &#8220;Jobs&#8221;.<\/p>\n<p dir=\"auto\" data-sourcepos=\"118:1-118:141\">Plus d&#8217;objets signifie plus puissant, mais aussi plus difficile \u00e0 apprendre : prenez le temps de comprendre la signification de chaque objet avant de vous lancer \u00e0 fond dans Kubernetes !<\/p>\n<\/li>\n<\/ul>\n<h4>Comment passer \u00e0 Kubernetes ?<\/h4>\n<p dir=\"auto\" data-sourcepos=\"122:1-122:113\">Bon, alors vous \u00eates convaincu de la valeur. Mais comment passer de votre infrastructure actuelle en m\u00e9tal nu ou en conteneurs ?<\/p>\n<p dir=\"auto\" data-sourcepos=\"124:1-124:232\">Commencez par s\u00e9lectionner un projet candidat, pour lequel vous avez des parrains dans chaque \u00e9quipe : au moins un d\u00e9veloppeur, une personne charg\u00e9e des op\u00e9rations, mais aussi une personne charg\u00e9e de la gestion, car vous avez besoin de l&#8217;acceptation de toute l&#8217;organisation pour permettre le travail collaboratif.<\/p>\n<p dir=\"auto\" data-sourcepos=\"126:1-126:243\">Mettez tout le monde dans la m\u00eame pi\u00e8ce (ou dans une salle de discussion virtuelle si vous pratiquez le travail distribu\u00e9) et laissez-les travailler sur l&#8217;ex\u00e9cution du projet dans une preuve de conformit\u00e9 Kubernetes. Donnez-leur les moyens d&#8217;accomplir cette t\u00e2che : des machines, du temps pour apprendre et pratiquer.<\/p>\n<p dir=\"auto\" data-sourcepos=\"128:1-128:113\">D\u00e8s que le prototype minimum viable \u00e9merge, commencez la boucle de r\u00e9troaction et it\u00e9rez sur une autre pi\u00e8ce, jusqu&#8217;\u00e0 ce que vous ayez obtenu :<\/p>\n<ul dir=\"auto\" data-sourcepos=\"130:1-133:0\">\n<li data-sourcepos=\"130:1-130:71\">Un pipeline de d\u00e9ploiement complet (&#8220;de l&#8217;id\u00e9e \u00e0 la production Kubernetes&#8221;)<\/li>\n<li data-sourcepos=\"131:1-131:94\">Observabilit\u00e9 sur le syst\u00e8me (&#8220;collecte de m\u00e9triques et de logs au moins, \u00e9ventuellement tra\u00e7age&#8221;)<\/li>\n<li data-sourcepos=\"132:1-133:0\">Test Crash &amp; Restore (&#8220;Combien de temps avez-vous besoin pour restaurer le cluster en cas de crash&#8221;)<\/li>\n<\/ul>\n<p dir=\"auto\" data-sourcepos=\"134:1-134:159\">Vous \u00eates maintenant pr\u00eat \u00e0 \u00e9valuer la valeur, et \u00e0 commencer \u00e0 ajouter d&#8217;autres projets, avec l&#8217;\u00e9quipe initiale comme sponsors pour responsabiliser les autres \u00e9quipes et les faire d\u00e9marrer.<\/p>\n<p dir=\"auto\" data-sourcepos=\"136:1-136:96\">Veillez \u00e0 ne pas utiliser cette validation initiale du concept comme une mesure du temps pour les projets suivants :<\/p>\n<p dir=\"auto\" data-sourcepos=\"138:1-138:120\">le co\u00fbt initial de l&#8217;apprentissage et de la d\u00e9couverte diminuera avec chaque nouveau projet ajout\u00e9 et avec l&#8217;\u00e9mergence de bonnes pratiques.<\/p>\n<p dir=\"auto\" data-sourcepos=\"140:1-140:438\">N&#8217;oubliez pas que cet investissement n&#8217;est pas perdu dans un trou noir si vous choisissez de ne PAS utiliser Kubernetes. Parce que vos \u00e9quipes auront toujours appris et am\u00e9lior\u00e9 vos applications actuelles : le d\u00e9ploiement d&#8217;une application dans Kubernetes n\u00e9cessite que certains (et peut-\u00eatre tous) des <a href=\"https:\/\/12factor.net\/\" target=\"_blank\" rel=\"nofollow noreferrer noopener\">12 facteurs<\/a> soient remplis. Prendre conscience des points faibles d&#8217;une application et de son processus de livraison est toujours une le\u00e7on pr\u00e9cieuse pour l&#8217;am\u00e9lioration.<\/p>\n<h4 dir=\"auto\" data-sourcepos=\"140:1-140:438\">Pour conclure<\/h4>\n<p dir=\"auto\" data-sourcepos=\"144:1-144:182\">En adoptant pleinement Kubernetes et son mod\u00e8le, votre organisation b\u00e9n\u00e9ficiera d&#8217;un mod\u00e8le puissant et extensible pour exploiter des applications en production \u00e0 l&#8217;aide de conteneurs.<\/p>\n<p dir=\"auto\" data-sourcepos=\"146:1-146:280\">L&#8217;investissement dans la courbe d&#8217;apprentissage est toujours un avantage : au moins, vos applications gagneront en maturit\u00e9 op\u00e9rationnelle. Et si vous l&#8217;utilisez en production, votre entreprise b\u00e9n\u00e9ficiera de nouveaux mod\u00e8les, qu&#8217;il s&#8217;agisse de mesures commerciales suppl\u00e9mentaires ou de nouvelles fa\u00e7ons de d\u00e9ployer des fonctionnalit\u00e9s pour vos utilisateurs finaux.<\/p>\n<p dir=\"auto\" data-sourcepos=\"148:1-148:78\">Une derni\u00e8re chose : n&#8217;oubliez pas de reverser ce que votre organisation a appris.<\/p>\n<p dir=\"auto\" data-sourcepos=\"150:1-150:78\">Comme vous le d\u00e9couvrirez en cours de route, vos \u00e9quipes ont acquis beaucoup de connaissances,<\/p>\n<p dir=\"auto\" data-sourcepos=\"152:1-152:144\">Redonner \u00e0 la communaut\u00e9 est \u00e9galement une d\u00e9marche d&#8217;am\u00e9lioration pour vos employ\u00e9s : pensez \u00e0 la r\u00e9putation positive et \u00e0 la position de leader !<\/p>\n<h5 dir=\"auto\" data-sourcepos=\"152:1-152:144\">Auteur<\/h5>\n<p dir=\"auto\" data-sourcepos=\"156:1-156:135\">Par <strong><a href=\"https:\/\/github.com\/dduportal\" target=\"_blank\" rel=\"nofollow noreferrer noopener\">Damien DUPORTAL<\/a><\/strong>, un freelance qui a r\u00e9cemment anim\u00e9 un atelier Kubernetes dans les bureaux d&#8217;Arexo \u00e0 Li\u00e8ge.<\/p>\n<p dir=\"auto\" data-sourcepos=\"158:1-158:9\">Contact:<\/p>\n<ul dir=\"auto\" data-sourcepos=\"160:1-163:0\">\n<li data-sourcepos=\"160:1-160:38\"><img decoding=\"async\" class=\"emoji\" role=\"img\" draggable=\"false\" src=\"https:\/\/s.w.org\/images\/core\/emoji\/14.0.0\/svg\/2709.svg\" alt=\"\u2709\ufe0f\" \/> <a href=\"mailto:damien.duportal+pro@gmail.com\">damien.duportal+pro@gmail.com<\/a><\/li>\n<li data-sourcepos=\"161:1-161:67\"><img decoding=\"async\" class=\"emoji\" role=\"img\" draggable=\"false\" src=\"https:\/\/s.w.org\/images\/core\/emoji\/14.0.0\/svg\/1f419.svg\" alt=\"\ud83d\udc19\" \/> <a href=\"https:\/\/github.com\/dduportal\" target=\"_blank\" rel=\"nofollow noreferrer noopener\">https:\/\/github.com\/dduportal<\/a><\/li>\n<li data-sourcepos=\"162:1-163:0\"><img decoding=\"async\" class=\"emoji\" role=\"img\" draggable=\"false\" src=\"https:\/\/s.w.org\/images\/core\/emoji\/14.0.0\/svg\/1f426.svg\" alt=\"\ud83d\udc26\" \/> <a href=\"https:\/\/twitter.com\/DamienDuportal\" target=\"_blank\" rel=\"nofollow noreferrer noopener\">https:\/\/twitter.com\/DamienDuportal<\/a><\/li>\n<\/ul>\n<p dir=\"auto\" data-sourcepos=\"164:1-164:257\">Freelance, ancien d\u00e9fenseur des d\u00e9veloppeurs pour <a href=\"https:\/\/traefik.io\/\" target=\"_blank\" rel=\"nofollow noreferrer noopener\">Traefik<\/a> @ <a href=\"https:\/\/containo.us\/\" target=\"_blank\" rel=\"nofollow noreferrer noopener\">Containo.us<\/a>, ancien ing\u00e9nieur de formation <a href=\"https:\/\/jenkins.io\/\" target=\"_blank\" rel=\"nofollow noreferrer noopener\">Jenkins<\/a> @ <a href=\"https:\/\/www.cloudbees.com\/\" target=\"_blank\" rel=\"nofollow noreferrer noopener\">CloudBees<\/a>, mentor de <img decoding=\"async\" class=\"emoji\" role=\"img\" draggable=\"false\" src=\"https:\/\/s.w.org\/images\/core\/emoji\/14.0.0\/svg\/1f433.svg\" alt=\"\ud83d\udc33\" \/><a href=\"https:\/\/www.docker.com\/\" target=\"_blank\" rel=\"nofollow noreferrer noopener\">Docker<\/a>.<\/p>\n<p dir=\"auto\" data-sourcepos=\"166:1-166:76\">Pile humaine concentr\u00e9e. Escaladeur. Ing\u00e9nieur logiciel passionn\u00e9. Parlez-moi !<\/p>\n\t\t\t\t\t\t\t\t<\/div>\n\t\t\t\t<\/div>\n\t\t\t\t<div class=\"elementor-element elementor-element-23d671b elementor-widget elementor-widget-stm_spacing\" data-id=\"23d671b\" data-element_type=\"widget\" data-e-type=\"widget\" data-widget_type=\"stm_spacing.default\">\n\t\t\t\t<div class=\"elementor-widget-container\">\n\t\t\t\t\t<div class=\"stm-spacing\" id=\"stm-spacing-69f1d9ed59a18\"><\/div>\n<script>\n    (function($){\n        \"use strict\";\n        var spacingID = 'stm-spacing-69f1d9ed59a18',\n            lgSpacing = '80',\n            mdSpacing = '80',\n            smSpacing = '30',\n            xsSpacing = '20';\n\n        function stmSpacing() {\n            if ( window.matchMedia(\"(min-width: 1200px)\").matches && lgSpacing ) {\n                $( '#' + spacingID ).css ( \"height\", lgSpacing );\n            } else if ( window.matchMedia(\"(max-width: 1199px) and (min-width: 992px )\").matches && mdSpacing ) {\n                $( '#' + spacingID ).css ( \"height\", mdSpacing );\n            } else if ( window.matchMedia(\"(max-width: 991px) and (min-width: 768px )\").matches && smSpacing ) {\n                $( '#' + spacingID ).css ( \"height\", smSpacing );\n            } else if ( window.matchMedia(\"(max-width: 767px)\").matches && xsSpacing ) {\n                $( '#' + spacingID ).css ( \"height\", xsSpacing );\n            } else {\n                $( '#' + spacingID ).css ( \"height\", \"\" );\n            }\n        }\n\n        $(document).ready(function() {\n            stmSpacing();\n        });\n\n        $(window).resize(function() {\n            stmSpacing();\n        });\n\n    })(jQuery);\n<\/script>\t\t\t\t<\/div>\n\t\t\t\t<\/div>\n\t\t\t\t\t<\/div>\n\t\t<\/div>\n\t\t\t\t<div class=\"elementor-column elementor-col-16 elementor-top-column elementor-element elementor-element-23d67e2 elementor-hidden-tablet elementor-hidden-phone\" data-id=\"23d67e2\" data-element_type=\"column\" data-e-type=\"column\">\n\t\t\t<div class=\"elementor-widget-wrap elementor-element-populated\">\n\t\t\t\t\t\t<div class=\"elementor-element elementor-element-23d6e57 elementor-widget elementor-widget-stm_share_buttons\" data-id=\"23d6e57\" data-element_type=\"widget\" data-e-type=\"widget\" data-widget_type=\"stm_share_buttons.default\">\n\t\t\t\t<div class=\"elementor-widget-container\">\n\t\t\t\t\t<div class=\"stm_share_buttons   consulting_elementor_share_buttons\">\n    <\/div>\t\t\t\t<\/div>\n\t\t\t\t<\/div>\n\t\t\t\t\t<\/div>\n\t\t<\/div>\n\t\t\t\t\t<\/div>\n\t\t<\/section>\n\t\t\t\t<\/div>\n\t\t","protected":false},"excerpt":{"rendered":"<p>En d\u00e9voilant \u201cProject Pacific\u201c, VMWare a reconnu que Kubernetes sera une base de vSphere, son offre de virtualisation.<\/p>\n<p>Cet \u00e9v\u00e9nement marque le d\u00e9but d\u2019une nouvelle \u00e8re : Kubernetes est d\u00e9sormais une norme de facto dans les plateformes informatiques pour ex\u00e9cuter des charges de travail de conteneurs en production, et est consid\u00e9r\u00e9 comme \u00e9gal aux machines virtuelles.<\/p>\n","protected":false},"author":1,"featured_media":8647,"comment_status":"open","ping_status":"open","sticky":false,"template":"","format":"standard","meta":{"footnotes":""},"categories":[],"tags":[],"class_list":["post-8679","post","type-post","status-publish","format-standard","has-post-thumbnail","hentry"],"yoast_head":"<!-- This site is optimized with the Yoast SEO plugin v27.5 - https:\/\/yoast.com\/product\/yoast-seo-wordpress\/ -->\n<title>Kubernetes en vaut-il le coup ? - Arexo<\/title>\n<meta name=\"robots\" content=\"index, follow, max-snippet:-1, max-image-preview:large, max-video-preview:-1\" \/>\n<link rel=\"canonical\" href=\"https:\/\/arexo.be\/fr\/kubernetes-en-vaut-il-le-coup\/\" \/>\n<meta property=\"og:locale\" content=\"fr_FR\" \/>\n<meta property=\"og:type\" content=\"article\" \/>\n<meta property=\"og:title\" content=\"Kubernetes en vaut-il le coup ? - Arexo\" \/>\n<meta property=\"og:description\" content=\"En d\u00e9voilant \u201cProject Pacific\u201c, VMWare a reconnu que Kubernetes sera une base de vSphere, son offre de virtualisation. Cet \u00e9v\u00e9nement marque le d\u00e9but d\u2019une nouvelle \u00e8re : Kubernetes est d\u00e9sormais une norme de facto dans les plateformes informatiques pour ex\u00e9cuter des charges de travail de conteneurs en production, et est consid\u00e9r\u00e9 comme \u00e9gal aux machines virtuelles.\" \/>\n<meta property=\"og:url\" content=\"https:\/\/arexo.be\/fr\/kubernetes-en-vaut-il-le-coup\/\" \/>\n<meta property=\"og:site_name\" content=\"Arexo\" \/>\n<meta property=\"article:published_time\" content=\"2022-08-04T08:39:20+00:00\" \/>\n<meta property=\"article:modified_time\" content=\"2022-10-09T09:28:26+00:00\" \/>\n<meta property=\"og:image\" content=\"https:\/\/arexo.be\/wp-content\/uploads\/2022\/07\/damien-e1665304339905.jpg\" \/>\n\t<meta property=\"og:image:width\" content=\"717\" \/>\n\t<meta property=\"og:image:height\" content=\"963\" \/>\n\t<meta property=\"og:image:type\" content=\"image\/jpeg\" \/>\n<meta name=\"author\" content=\"stephane.rondal@arexo.be\" \/>\n<meta name=\"twitter:card\" content=\"summary_large_image\" \/>\n<meta name=\"twitter:creator\" content=\"@arexoconsulting\" \/>\n<meta name=\"twitter:site\" content=\"@arexoconsulting\" \/>\n<meta name=\"twitter:label1\" content=\"\u00c9crit par\" \/>\n\t<meta name=\"twitter:data1\" content=\"stephane.rondal@arexo.be\" \/>\n\t<meta name=\"twitter:label2\" content=\"Dur\u00e9e de lecture estim\u00e9e\" \/>\n\t<meta name=\"twitter:data2\" content=\"9 minutes\" \/>\n<script type=\"application\/ld+json\" class=\"yoast-schema-graph\">{\"@context\":\"https:\\\/\\\/schema.org\",\"@graph\":[{\"@type\":\"Article\",\"@id\":\"https:\\\/\\\/arexo.be\\\/fr\\\/kubernetes-en-vaut-il-le-coup\\\/#article\",\"isPartOf\":{\"@id\":\"https:\\\/\\\/arexo.be\\\/fr\\\/kubernetes-en-vaut-il-le-coup\\\/\"},\"author\":{\"name\":\"stephane.rondal@arexo.be\",\"@id\":\"https:\\\/\\\/arexo.be\\\/fr\\\/#\\\/schema\\\/person\\\/c5e7a1da77112acb9a9ebc09e112a33c\"},\"headline\":\"Kubernetes en vaut-il le coup ?\",\"datePublished\":\"2022-08-04T08:39:20+00:00\",\"dateModified\":\"2022-10-09T09:28:26+00:00\",\"mainEntityOfPage\":{\"@id\":\"https:\\\/\\\/arexo.be\\\/fr\\\/kubernetes-en-vaut-il-le-coup\\\/\"},\"wordCount\":2044,\"commentCount\":0,\"publisher\":{\"@id\":\"https:\\\/\\\/arexo.be\\\/fr\\\/#organization\"},\"image\":{\"@id\":\"https:\\\/\\\/arexo.be\\\/fr\\\/kubernetes-en-vaut-il-le-coup\\\/#primaryimage\"},\"thumbnailUrl\":\"https:\\\/\\\/arexo.be\\\/wp-content\\\/uploads\\\/2022\\\/07\\\/damien-e1665304339905.jpg\",\"inLanguage\":\"fr-FR\",\"potentialAction\":[{\"@type\":\"CommentAction\",\"name\":\"Comment\",\"target\":[\"https:\\\/\\\/arexo.be\\\/fr\\\/kubernetes-en-vaut-il-le-coup\\\/#respond\"]}]},{\"@type\":\"WebPage\",\"@id\":\"https:\\\/\\\/arexo.be\\\/fr\\\/kubernetes-en-vaut-il-le-coup\\\/\",\"url\":\"https:\\\/\\\/arexo.be\\\/fr\\\/kubernetes-en-vaut-il-le-coup\\\/\",\"name\":\"Kubernetes en vaut-il le coup ? - Arexo\",\"isPartOf\":{\"@id\":\"https:\\\/\\\/arexo.be\\\/fr\\\/#website\"},\"primaryImageOfPage\":{\"@id\":\"https:\\\/\\\/arexo.be\\\/fr\\\/kubernetes-en-vaut-il-le-coup\\\/#primaryimage\"},\"image\":{\"@id\":\"https:\\\/\\\/arexo.be\\\/fr\\\/kubernetes-en-vaut-il-le-coup\\\/#primaryimage\"},\"thumbnailUrl\":\"https:\\\/\\\/arexo.be\\\/wp-content\\\/uploads\\\/2022\\\/07\\\/damien-e1665304339905.jpg\",\"datePublished\":\"2022-08-04T08:39:20+00:00\",\"dateModified\":\"2022-10-09T09:28:26+00:00\",\"breadcrumb\":{\"@id\":\"https:\\\/\\\/arexo.be\\\/fr\\\/kubernetes-en-vaut-il-le-coup\\\/#breadcrumb\"},\"inLanguage\":\"fr-FR\",\"potentialAction\":[{\"@type\":\"ReadAction\",\"target\":[\"https:\\\/\\\/arexo.be\\\/fr\\\/kubernetes-en-vaut-il-le-coup\\\/\"]}]},{\"@type\":\"ImageObject\",\"inLanguage\":\"fr-FR\",\"@id\":\"https:\\\/\\\/arexo.be\\\/fr\\\/kubernetes-en-vaut-il-le-coup\\\/#primaryimage\",\"url\":\"https:\\\/\\\/arexo.be\\\/wp-content\\\/uploads\\\/2022\\\/07\\\/damien-e1665304339905.jpg\",\"contentUrl\":\"https:\\\/\\\/arexo.be\\\/wp-content\\\/uploads\\\/2022\\\/07\\\/damien-e1665304339905.jpg\",\"width\":717,\"height\":963},{\"@type\":\"BreadcrumbList\",\"@id\":\"https:\\\/\\\/arexo.be\\\/fr\\\/kubernetes-en-vaut-il-le-coup\\\/#breadcrumb\",\"itemListElement\":[{\"@type\":\"ListItem\",\"position\":1,\"name\":\"Home\",\"item\":\"https:\\\/\\\/arexo.be\\\/fr\\\/\"},{\"@type\":\"ListItem\",\"position\":2,\"name\":\"Kubernetes en vaut-il le coup ?\"}]},{\"@type\":\"WebSite\",\"@id\":\"https:\\\/\\\/arexo.be\\\/fr\\\/#website\",\"url\":\"https:\\\/\\\/arexo.be\\\/fr\\\/\",\"name\":\"Arexo\",\"description\":\"An Agile IT Company\",\"publisher\":{\"@id\":\"https:\\\/\\\/arexo.be\\\/fr\\\/#organization\"},\"potentialAction\":[{\"@type\":\"SearchAction\",\"target\":{\"@type\":\"EntryPoint\",\"urlTemplate\":\"https:\\\/\\\/arexo.be\\\/fr\\\/?s={search_term_string}\"},\"query-input\":{\"@type\":\"PropertyValueSpecification\",\"valueRequired\":true,\"valueName\":\"search_term_string\"}}],\"inLanguage\":\"fr-FR\"},{\"@type\":\"Organization\",\"@id\":\"https:\\\/\\\/arexo.be\\\/fr\\\/#organization\",\"name\":\"Arexo\",\"url\":\"https:\\\/\\\/arexo.be\\\/fr\\\/\",\"logo\":{\"@type\":\"ImageObject\",\"inLanguage\":\"fr-FR\",\"@id\":\"https:\\\/\\\/arexo.be\\\/fr\\\/#\\\/schema\\\/logo\\\/image\\\/\",\"url\":\"https:\\\/\\\/arexo.be\\\/wp-content\\\/uploads\\\/2022\\\/10\\\/AREXO-logo-baseline_color-pos.png\",\"contentUrl\":\"https:\\\/\\\/arexo.be\\\/wp-content\\\/uploads\\\/2022\\\/10\\\/AREXO-logo-baseline_color-pos.png\",\"width\":2203,\"height\":1116,\"caption\":\"Arexo\"},\"image\":{\"@id\":\"https:\\\/\\\/arexo.be\\\/fr\\\/#\\\/schema\\\/logo\\\/image\\\/\"},\"sameAs\":[\"https:\\\/\\\/x.com\\\/arexoconsulting\",\"https:\\\/\\\/www.linkedin.com\\\/company\\\/arexo-consulting\\\/\"]},{\"@type\":\"Person\",\"@id\":\"https:\\\/\\\/arexo.be\\\/fr\\\/#\\\/schema\\\/person\\\/c5e7a1da77112acb9a9ebc09e112a33c\",\"name\":\"stephane.rondal@arexo.be\",\"image\":{\"@type\":\"ImageObject\",\"inLanguage\":\"fr-FR\",\"@id\":\"https:\\\/\\\/secure.gravatar.com\\\/avatar\\\/0d9921781c43524f9ff77da8f9f7109f16f176ccebbaa5c1e5fb57644184e839?s=96&d=mm&r=g\",\"url\":\"https:\\\/\\\/secure.gravatar.com\\\/avatar\\\/0d9921781c43524f9ff77da8f9f7109f16f176ccebbaa5c1e5fb57644184e839?s=96&d=mm&r=g\",\"contentUrl\":\"https:\\\/\\\/secure.gravatar.com\\\/avatar\\\/0d9921781c43524f9ff77da8f9f7109f16f176ccebbaa5c1e5fb57644184e839?s=96&d=mm&r=g\",\"caption\":\"stephane.rondal@arexo.be\"},\"sameAs\":[\"https:\\\/\\\/arexo.be\"],\"url\":\"https:\\\/\\\/arexo.be\\\/fr\\\/author\\\/stephane-rondalarexo-be\\\/\"}]}<\/script>\n<!-- \/ Yoast SEO plugin. -->","yoast_head_json":{"title":"Kubernetes en vaut-il le coup ? - Arexo","robots":{"index":"index","follow":"follow","max-snippet":"max-snippet:-1","max-image-preview":"max-image-preview:large","max-video-preview":"max-video-preview:-1"},"canonical":"https:\/\/arexo.be\/fr\/kubernetes-en-vaut-il-le-coup\/","og_locale":"fr_FR","og_type":"article","og_title":"Kubernetes en vaut-il le coup ? - Arexo","og_description":"En d\u00e9voilant \u201cProject Pacific\u201c, VMWare a reconnu que Kubernetes sera une base de vSphere, son offre de virtualisation. Cet \u00e9v\u00e9nement marque le d\u00e9but d\u2019une nouvelle \u00e8re : Kubernetes est d\u00e9sormais une norme de facto dans les plateformes informatiques pour ex\u00e9cuter des charges de travail de conteneurs en production, et est consid\u00e9r\u00e9 comme \u00e9gal aux machines virtuelles.","og_url":"https:\/\/arexo.be\/fr\/kubernetes-en-vaut-il-le-coup\/","og_site_name":"Arexo","article_published_time":"2022-08-04T08:39:20+00:00","article_modified_time":"2022-10-09T09:28:26+00:00","og_image":[{"width":717,"height":963,"url":"https:\/\/arexo.be\/wp-content\/uploads\/2022\/07\/damien-e1665304339905.jpg","type":"image\/jpeg"}],"author":"stephane.rondal@arexo.be","twitter_card":"summary_large_image","twitter_creator":"@arexoconsulting","twitter_site":"@arexoconsulting","twitter_misc":{"\u00c9crit par":"stephane.rondal@arexo.be","Dur\u00e9e de lecture estim\u00e9e":"9 minutes"},"schema":{"@context":"https:\/\/schema.org","@graph":[{"@type":"Article","@id":"https:\/\/arexo.be\/fr\/kubernetes-en-vaut-il-le-coup\/#article","isPartOf":{"@id":"https:\/\/arexo.be\/fr\/kubernetes-en-vaut-il-le-coup\/"},"author":{"name":"stephane.rondal@arexo.be","@id":"https:\/\/arexo.be\/fr\/#\/schema\/person\/c5e7a1da77112acb9a9ebc09e112a33c"},"headline":"Kubernetes en vaut-il le coup ?","datePublished":"2022-08-04T08:39:20+00:00","dateModified":"2022-10-09T09:28:26+00:00","mainEntityOfPage":{"@id":"https:\/\/arexo.be\/fr\/kubernetes-en-vaut-il-le-coup\/"},"wordCount":2044,"commentCount":0,"publisher":{"@id":"https:\/\/arexo.be\/fr\/#organization"},"image":{"@id":"https:\/\/arexo.be\/fr\/kubernetes-en-vaut-il-le-coup\/#primaryimage"},"thumbnailUrl":"https:\/\/arexo.be\/wp-content\/uploads\/2022\/07\/damien-e1665304339905.jpg","inLanguage":"fr-FR","potentialAction":[{"@type":"CommentAction","name":"Comment","target":["https:\/\/arexo.be\/fr\/kubernetes-en-vaut-il-le-coup\/#respond"]}]},{"@type":"WebPage","@id":"https:\/\/arexo.be\/fr\/kubernetes-en-vaut-il-le-coup\/","url":"https:\/\/arexo.be\/fr\/kubernetes-en-vaut-il-le-coup\/","name":"Kubernetes en vaut-il le coup ? - Arexo","isPartOf":{"@id":"https:\/\/arexo.be\/fr\/#website"},"primaryImageOfPage":{"@id":"https:\/\/arexo.be\/fr\/kubernetes-en-vaut-il-le-coup\/#primaryimage"},"image":{"@id":"https:\/\/arexo.be\/fr\/kubernetes-en-vaut-il-le-coup\/#primaryimage"},"thumbnailUrl":"https:\/\/arexo.be\/wp-content\/uploads\/2022\/07\/damien-e1665304339905.jpg","datePublished":"2022-08-04T08:39:20+00:00","dateModified":"2022-10-09T09:28:26+00:00","breadcrumb":{"@id":"https:\/\/arexo.be\/fr\/kubernetes-en-vaut-il-le-coup\/#breadcrumb"},"inLanguage":"fr-FR","potentialAction":[{"@type":"ReadAction","target":["https:\/\/arexo.be\/fr\/kubernetes-en-vaut-il-le-coup\/"]}]},{"@type":"ImageObject","inLanguage":"fr-FR","@id":"https:\/\/arexo.be\/fr\/kubernetes-en-vaut-il-le-coup\/#primaryimage","url":"https:\/\/arexo.be\/wp-content\/uploads\/2022\/07\/damien-e1665304339905.jpg","contentUrl":"https:\/\/arexo.be\/wp-content\/uploads\/2022\/07\/damien-e1665304339905.jpg","width":717,"height":963},{"@type":"BreadcrumbList","@id":"https:\/\/arexo.be\/fr\/kubernetes-en-vaut-il-le-coup\/#breadcrumb","itemListElement":[{"@type":"ListItem","position":1,"name":"Home","item":"https:\/\/arexo.be\/fr\/"},{"@type":"ListItem","position":2,"name":"Kubernetes en vaut-il le coup ?"}]},{"@type":"WebSite","@id":"https:\/\/arexo.be\/fr\/#website","url":"https:\/\/arexo.be\/fr\/","name":"Arexo","description":"An Agile IT Company","publisher":{"@id":"https:\/\/arexo.be\/fr\/#organization"},"potentialAction":[{"@type":"SearchAction","target":{"@type":"EntryPoint","urlTemplate":"https:\/\/arexo.be\/fr\/?s={search_term_string}"},"query-input":{"@type":"PropertyValueSpecification","valueRequired":true,"valueName":"search_term_string"}}],"inLanguage":"fr-FR"},{"@type":"Organization","@id":"https:\/\/arexo.be\/fr\/#organization","name":"Arexo","url":"https:\/\/arexo.be\/fr\/","logo":{"@type":"ImageObject","inLanguage":"fr-FR","@id":"https:\/\/arexo.be\/fr\/#\/schema\/logo\/image\/","url":"https:\/\/arexo.be\/wp-content\/uploads\/2022\/10\/AREXO-logo-baseline_color-pos.png","contentUrl":"https:\/\/arexo.be\/wp-content\/uploads\/2022\/10\/AREXO-logo-baseline_color-pos.png","width":2203,"height":1116,"caption":"Arexo"},"image":{"@id":"https:\/\/arexo.be\/fr\/#\/schema\/logo\/image\/"},"sameAs":["https:\/\/x.com\/arexoconsulting","https:\/\/www.linkedin.com\/company\/arexo-consulting\/"]},{"@type":"Person","@id":"https:\/\/arexo.be\/fr\/#\/schema\/person\/c5e7a1da77112acb9a9ebc09e112a33c","name":"stephane.rondal@arexo.be","image":{"@type":"ImageObject","inLanguage":"fr-FR","@id":"https:\/\/secure.gravatar.com\/avatar\/0d9921781c43524f9ff77da8f9f7109f16f176ccebbaa5c1e5fb57644184e839?s=96&d=mm&r=g","url":"https:\/\/secure.gravatar.com\/avatar\/0d9921781c43524f9ff77da8f9f7109f16f176ccebbaa5c1e5fb57644184e839?s=96&d=mm&r=g","contentUrl":"https:\/\/secure.gravatar.com\/avatar\/0d9921781c43524f9ff77da8f9f7109f16f176ccebbaa5c1e5fb57644184e839?s=96&d=mm&r=g","caption":"stephane.rondal@arexo.be"},"sameAs":["https:\/\/arexo.be"],"url":"https:\/\/arexo.be\/fr\/author\/stephane-rondalarexo-be\/"}]}},"_links":{"self":[{"href":"https:\/\/arexo.be\/fr\/wp-json\/wp\/v2\/posts\/8679","targetHints":{"allow":["GET"]}}],"collection":[{"href":"https:\/\/arexo.be\/fr\/wp-json\/wp\/v2\/posts"}],"about":[{"href":"https:\/\/arexo.be\/fr\/wp-json\/wp\/v2\/types\/post"}],"author":[{"embeddable":true,"href":"https:\/\/arexo.be\/fr\/wp-json\/wp\/v2\/users\/1"}],"replies":[{"embeddable":true,"href":"https:\/\/arexo.be\/fr\/wp-json\/wp\/v2\/comments?post=8679"}],"version-history":[{"count":14,"href":"https:\/\/arexo.be\/fr\/wp-json\/wp\/v2\/posts\/8679\/revisions"}],"predecessor-version":[{"id":8985,"href":"https:\/\/arexo.be\/fr\/wp-json\/wp\/v2\/posts\/8679\/revisions\/8985"}],"wp:featuredmedia":[{"embeddable":true,"href":"https:\/\/arexo.be\/fr\/wp-json\/wp\/v2\/media\/8647"}],"wp:attachment":[{"href":"https:\/\/arexo.be\/fr\/wp-json\/wp\/v2\/media?parent=8679"}],"wp:term":[{"taxonomy":"category","embeddable":true,"href":"https:\/\/arexo.be\/fr\/wp-json\/wp\/v2\/categories?post=8679"},{"taxonomy":"post_tag","embeddable":true,"href":"https:\/\/arexo.be\/fr\/wp-json\/wp\/v2\/tags?post=8679"}],"curies":[{"name":"wp","href":"https:\/\/api.w.org\/{rel}","templated":true}]}}